{"id":111,"date":"2023-07-14T01:10:32","date_gmt":"2023-07-13T23:10:32","guid":{"rendered":"http:\/\/www.frederic-poitou.com\/blog\/?p=111"},"modified":"2026-04-14T19:32:07","modified_gmt":"2026-04-14T17:32:07","slug":"horaires-des-services-publics","status":"publish","type":"post","link":"http:\/\/www.frederic-poitou.com\/blog\/horaires-des-services-publics\/","title":{"rendered":"HORAIRES DES SERVICES PUBLICS &#8230;"},"content":{"rendered":"<p>Un service public est une activit\u00e9 consid\u00e9r\u00e9e comme devant \u00eatre disponible pour tous. Cette notion s&rsquo;appuie sur celle d&rsquo;int\u00e9r\u00eat g\u00e9n\u00e9ral, c&rsquo;est \u00e0 dire sur celle de l&rsquo;ensemble des citoyens, or &#8230;<\/p>\n<p>&nbsp;<\/p>\n<p>Mardi matin : formalit\u00e9s habituelles de rentr\u00e9e &#8230;<\/p>\n<p>9h &#8211; Aller \u00e0 l&rsquo;inspection d&rsquo;acad\u00e9mie pour effectuer les formalit\u00e9s d&rsquo;inscription des enfants.<\/p>\n<p>R\u00e9sultat : ouverture \u00e0 10h30 : \u00a0Les fonctionnaires sont en vacances scolaires (?)<\/p>\n<p>&nbsp;<\/p>\n<p>10h &#8211; Aller \u00e0 la biblioth\u00e8que pour inscrire mon fils pour l&rsquo;ann\u00e9e scolaire<\/p>\n<p>R\u00e9sultat : Le service inscription ne fonctionne pas le mardi matin. Uniquement \u00e0 partir de 14h30 (?)<\/p>\n<p>&nbsp;<\/p>\n<p>11h &#8211; Aller r\u00e9cup\u00e9rer les formulaires \u00e0 la CPAM<\/p>\n<p>R\u00e9sultat : Mme \u00ab\u00a0DUPOND\u00a0\u00bb est en arr\u00eat maladie, et n&rsquo;est pas remplac\u00e9e. Il faut t\u00e9l\u00e9charger le formulaire sur internet, et nous le renvoyer avant demain matin. (?)<\/p>\n<p>&#8211; J&rsquo;ai pas internet. Mme DUPOND est la seule habilit\u00e9e \u00e0 faire les formalit\u00e9s ?<\/p>\n<p>&#8211; Non, mais Mme DURAND sa rempla\u00e7ante est en RTT.<\/p>\n<p>&#8211; (?)<\/p>\n<p>&nbsp;<\/p>\n<p>12h30 : Aller \u00e0 la poste r\u00e9cup\u00e9rer les courriers du jour<\/p>\n<p>horaires : 9h15 &#8211; 12h15, 14h &#8211; 17h15 (?)<\/p>\n<p>&nbsp;<\/p>\n<p>Et vous ? Avez vous toujours sur vous les horaires de vos services \u00ab\u00a0publics\u00a0\u00bb pr\u00e9f\u00e9r\u00e9s, afin de pouvoir organiser vos journ\u00e9es ?<\/p>\n<p>En d&rsquo;autres termes, \u00eates vous contraint comme moi de mettre vos horaires au services des horaires des services publics &#8230;<\/p>\n<p>Ce post date de 2010, derni\u00e8re rentr\u00e9e scolaire de mon fils, mais sur le fond, il est encore d&rsquo;actualit\u00e9 !<\/p>\n","protected":false},"excerpt":{"rendered":"<p>Un service public est une activit\u00e9 consid\u00e9r\u00e9e comme devant \u00eatre disponible pour tous. Cette notion s&rsquo;appuie sur celle d&rsquo;int\u00e9r\u00eat g\u00e9n\u00e9ral, c&rsquo;est \u00e0 dire sur celle de l&rsquo;ensemble des citoyens, or &#8230; &nbsp; Mardi matin : formalit\u00e9s habituelles de rentr\u00e9e &#8230; &hellip; <a href=\"http:\/\/www.frederic-poitou.com\/blog\/horaires-des-services-publics\/\">Lire la suite\u00ad\u00ad<\/a><\/p>\n","protected":false},"author":4,"featured_media":6758,"comment_status":"open","ping_status":"open","sticky":false,"template":"","format":"standard","meta":{"kt_blocks_editor_width":"","_exactmetrics_skip_tracking":false,"_exactmetrics_sitenote_active":false,"_exactmetrics_sitenote_note":"","_exactmetrics_sitenote_category":0,"footnotes":""},"categories":[1,51],"tags":[16],"class_list":["post-111","post","type-post","status-publish","format-standard","has-post-thumbnail","hentry","category-politique-economie","category-politique","tag-divers"],"yoast_head":"<!-- This site is optimized with the Yoast SEO plugin v27.1.1 - https:\/\/yoast.com\/product\/yoast-seo-wordpress\/ -->\n<title>HORAIRES DES SERVICES PUBLICS ... -<\/title>\n<meta name=\"robots\" content=\"index, follow, max-snippet:-1, max-image-preview:large, max-video-preview:-1\" \/>\n<link rel=\"canonical\" href=\"https:\/\/www.frederic-poitou.com\/blog\/horaires-des-services-publics\/\" \/>\n<meta property=\"og:locale\" content=\"fr_FR\" \/>\n<meta property=\"og:type\" content=\"article\" \/>\n<meta property=\"og:title\" content=\"HORAIRES DES SERVICES PUBLICS ... -\" \/>\n<meta property=\"og:description\" content=\"Un service public est une activit\u00e9 consid\u00e9r\u00e9e comme devant \u00eatre disponible pour tous. Cette notion s&rsquo;appuie sur celle d&rsquo;int\u00e9r\u00eat g\u00e9n\u00e9ral, c&rsquo;est \u00e0 dire sur celle de l&rsquo;ensemble des citoyens, or &#8230; &nbsp; Mardi matin : formalit\u00e9s habituelles de rentr\u00e9e &#8230; &hellip; Lire la suite\u00ad\u00ad\" \/>\n<meta property=\"og:url\" content=\"https:\/\/www.frederic-poitou.com\/blog\/horaires-des-services-publics\/\" \/>\n<meta property=\"article:publisher\" content=\"https:\/\/www.facebook.com\/frederic.poitou\/\" \/>\n<meta property=\"article:published_time\" content=\"2023-07-13T23:10:32+00:00\" \/>\n<meta property=\"article:modified_time\" content=\"2026-04-14T17:32:07+00:00\" \/>\n<meta property=\"og:image\" content=\"https:\/\/www.frederic-poitou.com\/blog\/wp-content\/080401.jpg\" \/>\n\t<meta property=\"og:image:width\" content=\"300\" \/>\n\t<meta property=\"og:image:height\" content=\"322\" \/>\n\t<meta property=\"og:image:type\" content=\"image\/jpeg\" \/>\n<meta name=\"author\" content=\"Fr\u00e9d\u00e9ric Poitou\" \/>\n<meta name=\"twitter:card\" content=\"summary_large_image\" \/>\n<meta name=\"twitter:creator\" content=\"@fredericpoitou\" \/>\n<meta name=\"twitter:site\" content=\"@fredericpoitou\" \/>\n<meta name=\"twitter:label1\" content=\"\u00c9crit par\" \/>\n\t<meta name=\"twitter:data1\" content=\"Fr\u00e9d\u00e9ric Poitou\" \/>\n\t<meta name=\"twitter:label2\" content=\"Dur\u00e9e de lecture estim\u00e9e\" \/>\n\t<meta name=\"twitter:data2\" content=\"1 minute\" \/>\n<script type=\"application\/ld+json\" class=\"yoast-schema-graph\">{\"@context\":\"https:\/\/schema.org\",\"@graph\":[{\"@type\":\"Article\",\"@id\":\"https:\/\/www.frederic-poitou.com\/blog\/horaires-des-services-publics\/#article\",\"isPartOf\":{\"@id\":\"https:\/\/www.frederic-poitou.com\/blog\/horaires-des-services-publics\/\"},\"author\":{\"name\":\"Fr\u00e9d\u00e9ric Poitou\",\"@id\":\"https:\/\/www.frederic-poitou.com\/blog\/#\/schema\/person\/e2c2d05e978747818533fdce859a7799\"},\"headline\":\"HORAIRES DES SERVICES PUBLICS &#8230;\",\"datePublished\":\"2023-07-13T23:10:32+00:00\",\"dateModified\":\"2026-04-14T17:32:07+00:00\",\"mainEntityOfPage\":{\"@id\":\"https:\/\/www.frederic-poitou.com\/blog\/horaires-des-services-publics\/\"},\"wordCount\":265,\"commentCount\":3,\"image\":{\"@id\":\"https:\/\/www.frederic-poitou.com\/blog\/horaires-des-services-publics\/#primaryimage\"},\"thumbnailUrl\":\"http:\/\/www.frederic-poitou.com\/blog\/wp-content\/080401.jpg\",\"keywords\":[\"DIVERS\"],\"articleSection\":[\"Divers\",\"Politique\"],\"inLanguage\":\"fr-FR\",\"potentialAction\":[{\"@type\":\"CommentAction\",\"name\":\"Comment\",\"target\":[\"https:\/\/www.frederic-poitou.com\/blog\/horaires-des-services-publics\/#respond\"]}]},{\"@type\":\"WebPage\",\"@id\":\"https:\/\/www.frederic-poitou.com\/blog\/horaires-des-services-publics\/\",\"url\":\"https:\/\/www.frederic-poitou.com\/blog\/horaires-des-services-publics\/\",\"name\":\"HORAIRES DES SERVICES PUBLICS ... -\",\"isPartOf\":{\"@id\":\"https:\/\/www.frederic-poitou.com\/blog\/#website\"},\"primaryImageOfPage\":{\"@id\":\"https:\/\/www.frederic-poitou.com\/blog\/horaires-des-services-publics\/#primaryimage\"},\"image\":{\"@id\":\"https:\/\/www.frederic-poitou.com\/blog\/horaires-des-services-publics\/#primaryimage\"},\"thumbnailUrl\":\"http:\/\/www.frederic-poitou.com\/blog\/wp-content\/080401.jpg\",\"datePublished\":\"2023-07-13T23:10:32+00:00\",\"dateModified\":\"2026-04-14T17:32:07+00:00\",\"author\":{\"@id\":\"https:\/\/www.frederic-poitou.com\/blog\/#\/schema\/person\/e2c2d05e978747818533fdce859a7799\"},\"breadcrumb\":{\"@id\":\"https:\/\/www.frederic-poitou.com\/blog\/horaires-des-services-publics\/#breadcrumb\"},\"inLanguage\":\"fr-FR\",\"potentialAction\":[{\"@type\":\"ReadAction\",\"target\":[\"https:\/\/www.frederic-poitou.com\/blog\/horaires-des-services-publics\/\"]}]},{\"@type\":\"ImageObject\",\"inLanguage\":\"fr-FR\",\"@id\":\"https:\/\/www.frederic-poitou.com\/blog\/horaires-des-services-publics\/#primaryimage\",\"url\":\"http:\/\/www.frederic-poitou.com\/blog\/wp-content\/080401.jpg\",\"contentUrl\":\"http:\/\/www.frederic-poitou.com\/blog\/wp-content\/080401.jpg\",\"width\":300,\"height\":322},{\"@type\":\"BreadcrumbList\",\"@id\":\"https:\/\/www.frederic-poitou.com\/blog\/horaires-des-services-publics\/#breadcrumb\",\"itemListElement\":[{\"@type\":\"ListItem\",\"position\":1,\"name\":\"Accueil\",\"item\":\"https:\/\/www.frederic-poitou.com\/blog\/\"},{\"@type\":\"ListItem\",\"position\":2,\"name\":\"HORAIRES DES SERVICES PUBLICS &#8230;\"}]},{\"@type\":\"WebSite\",\"@id\":\"https:\/\/www.frederic-poitou.com\/blog\/#website\",\"url\":\"https:\/\/www.frederic-poitou.com\/blog\/\",\"name\":\"\",\"description\":\"\",\"potentialAction\":[{\"@type\":\"SearchAction\",\"target\":{\"@type\":\"EntryPoint\",\"urlTemplate\":\"https:\/\/www.frederic-poitou.com\/blog\/?s={search_term_string}\"},\"query-input\":{\"@type\":\"PropertyValueSpecification\",\"valueRequired\":true,\"valueName\":\"search_term_string\"}}],\"inLanguage\":\"fr-FR\"},{\"@type\":\"Person\",\"@id\":\"https:\/\/www.frederic-poitou.com\/blog\/#\/schema\/person\/e2c2d05e978747818533fdce859a7799\",\"name\":\"Fr\u00e9d\u00e9ric Poitou\",\"image\":{\"@type\":\"ImageObject\",\"inLanguage\":\"fr-FR\",\"@id\":\"https:\/\/www.frederic-poitou.com\/blog\/#\/schema\/person\/image\/\",\"url\":\"https:\/\/secure.gravatar.com\/avatar\/1933bcca279a2feafd35d9e0a080c521e11beb51115fe4cfe02e2586ac13424a?s=96&d=mm&r=g\",\"contentUrl\":\"https:\/\/secure.gravatar.com\/avatar\/1933bcca279a2feafd35d9e0a080c521e11beb51115fe4cfe02e2586ac13424a?s=96&d=mm&r=g\",\"caption\":\"Fr\u00e9d\u00e9ric Poitou\"},\"description\":\"Fr\u00e9d\u00e9ric Poitou est n\u00e9 \u00e0 Rouen, et y a fait des \u00e9tudes au Conservatoire en musique-\u00e9tudes en section piano. Il s'est ensuite orient\u00e9 vers des \u00e9tudes scientifiques o\u00f9 il a obtenu un dipl\u00f4me d'ing\u00e9nieur, puis un doctorat en Chimie. Il est Expert Judiciaire en France, en Belgique et \u00e0 Luxembourg, et agr\u00e9e par les Institutions Europ\u00e9ennes.\",\"sameAs\":[\"http:\/\/www.frederic-poitou.com\",\"https:\/\/www.linkedin.com\/in\/frederic-poitou-b045a025\/\"]}]}<\/script>\n<!-- \/ Yoast SEO plugin. -->","yoast_head_json":{"title":"HORAIRES DES SERVICES PUBLICS ... -","robots":{"index":"index","follow":"follow","max-snippet":"max-snippet:-1","max-image-preview":"max-image-preview:large","max-video-preview":"max-video-preview:-1"},"canonical":"https:\/\/www.frederic-poitou.com\/blog\/horaires-des-services-publics\/","og_locale":"fr_FR","og_type":"article","og_title":"HORAIRES DES SERVICES PUBLICS ... -","og_description":"Un service public est une activit\u00e9 consid\u00e9r\u00e9e comme devant \u00eatre disponible pour tous. Cette notion s&rsquo;appuie sur celle d&rsquo;int\u00e9r\u00eat g\u00e9n\u00e9ral, c&rsquo;est \u00e0 dire sur celle de l&rsquo;ensemble des citoyens, or &#8230; &nbsp; Mardi matin : formalit\u00e9s habituelles de rentr\u00e9e &#8230; &hellip; Lire la suite\u00ad\u00ad","og_url":"https:\/\/www.frederic-poitou.com\/blog\/horaires-des-services-publics\/","article_publisher":"https:\/\/www.facebook.com\/frederic.poitou\/","article_published_time":"2023-07-13T23:10:32+00:00","article_modified_time":"2026-04-14T17:32:07+00:00","og_image":[{"width":300,"height":322,"url":"https:\/\/www.frederic-poitou.com\/blog\/wp-content\/080401.jpg","type":"image\/jpeg"}],"author":"Fr\u00e9d\u00e9ric Poitou","twitter_card":"summary_large_image","twitter_creator":"@fredericpoitou","twitter_site":"@fredericpoitou","twitter_misc":{"\u00c9crit par":"Fr\u00e9d\u00e9ric Poitou","Dur\u00e9e de lecture estim\u00e9e":"1 minute"},"schema":{"@context":"https:\/\/schema.org","@graph":[{"@type":"Article","@id":"https:\/\/www.frederic-poitou.com\/blog\/horaires-des-services-publics\/#article","isPartOf":{"@id":"https:\/\/www.frederic-poitou.com\/blog\/horaires-des-services-publics\/"},"author":{"name":"Fr\u00e9d\u00e9ric Poitou","@id":"https:\/\/www.frederic-poitou.com\/blog\/#\/schema\/person\/e2c2d05e978747818533fdce859a7799"},"headline":"HORAIRES DES SERVICES PUBLICS &#8230;","datePublished":"2023-07-13T23:10:32+00:00","dateModified":"2026-04-14T17:32:07+00:00","mainEntityOfPage":{"@id":"https:\/\/www.frederic-poitou.com\/blog\/horaires-des-services-publics\/"},"wordCount":265,"commentCount":3,"image":{"@id":"https:\/\/www.frederic-poitou.com\/blog\/horaires-des-services-publics\/#primaryimage"},"thumbnailUrl":"http:\/\/www.frederic-poitou.com\/blog\/wp-content\/080401.jpg","keywords":["DIVERS"],"articleSection":["Divers","Politique"],"inLanguage":"fr-FR","potentialAction":[{"@type":"CommentAction","name":"Comment","target":["https:\/\/www.frederic-poitou.com\/blog\/horaires-des-services-publics\/#respond"]}]},{"@type":"WebPage","@id":"https:\/\/www.frederic-poitou.com\/blog\/horaires-des-services-publics\/","url":"https:\/\/www.frederic-poitou.com\/blog\/horaires-des-services-publics\/","name":"HORAIRES DES SERVICES PUBLICS ... -","isPartOf":{"@id":"https:\/\/www.frederic-poitou.com\/blog\/#website"},"primaryImageOfPage":{"@id":"https:\/\/www.frederic-poitou.com\/blog\/horaires-des-services-publics\/#primaryimage"},"image":{"@id":"https:\/\/www.frederic-poitou.com\/blog\/horaires-des-services-publics\/#primaryimage"},"thumbnailUrl":"http:\/\/www.frederic-poitou.com\/blog\/wp-content\/080401.jpg","datePublished":"2023-07-13T23:10:32+00:00","dateModified":"2026-04-14T17:32:07+00:00","author":{"@id":"https:\/\/www.frederic-poitou.com\/blog\/#\/schema\/person\/e2c2d05e978747818533fdce859a7799"},"breadcrumb":{"@id":"https:\/\/www.frederic-poitou.com\/blog\/horaires-des-services-publics\/#breadcrumb"},"inLanguage":"fr-FR","potentialAction":[{"@type":"ReadAction","target":["https:\/\/www.frederic-poitou.com\/blog\/horaires-des-services-publics\/"]}]},{"@type":"ImageObject","inLanguage":"fr-FR","@id":"https:\/\/www.frederic-poitou.com\/blog\/horaires-des-services-publics\/#primaryimage","url":"http:\/\/www.frederic-poitou.com\/blog\/wp-content\/080401.jpg","contentUrl":"http:\/\/www.frederic-poitou.com\/blog\/wp-content\/080401.jpg","width":300,"height":322},{"@type":"BreadcrumbList","@id":"https:\/\/www.frederic-poitou.com\/blog\/horaires-des-services-publics\/#breadcrumb","itemListElement":[{"@type":"ListItem","position":1,"name":"Accueil","item":"https:\/\/www.frederic-poitou.com\/blog\/"},{"@type":"ListItem","position":2,"name":"HORAIRES DES SERVICES PUBLICS &#8230;"}]},{"@type":"WebSite","@id":"https:\/\/www.frederic-poitou.com\/blog\/#website","url":"https:\/\/www.frederic-poitou.com\/blog\/","name":"","description":"","potentialAction":[{"@type":"SearchAction","target":{"@type":"EntryPoint","urlTemplate":"https:\/\/www.frederic-poitou.com\/blog\/?s={search_term_string}"},"query-input":{"@type":"PropertyValueSpecification","valueRequired":true,"valueName":"search_term_string"}}],"inLanguage":"fr-FR"},{"@type":"Person","@id":"https:\/\/www.frederic-poitou.com\/blog\/#\/schema\/person\/e2c2d05e978747818533fdce859a7799","name":"Fr\u00e9d\u00e9ric Poitou","image":{"@type":"ImageObject","inLanguage":"fr-FR","@id":"https:\/\/www.frederic-poitou.com\/blog\/#\/schema\/person\/image\/","url":"https:\/\/secure.gravatar.com\/avatar\/1933bcca279a2feafd35d9e0a080c521e11beb51115fe4cfe02e2586ac13424a?s=96&d=mm&r=g","contentUrl":"https:\/\/secure.gravatar.com\/avatar\/1933bcca279a2feafd35d9e0a080c521e11beb51115fe4cfe02e2586ac13424a?s=96&d=mm&r=g","caption":"Fr\u00e9d\u00e9ric Poitou"},"description":"Fr\u00e9d\u00e9ric Poitou est n\u00e9 \u00e0 Rouen, et y a fait des \u00e9tudes au Conservatoire en musique-\u00e9tudes en section piano. Il s'est ensuite orient\u00e9 vers des \u00e9tudes scientifiques o\u00f9 il a obtenu un dipl\u00f4me d'ing\u00e9nieur, puis un doctorat en Chimie. Il est Expert Judiciaire en France, en Belgique et \u00e0 Luxembourg, et agr\u00e9e par les Institutions Europ\u00e9ennes.","sameAs":["http:\/\/www.frederic-poitou.com","https:\/\/www.linkedin.com\/in\/frederic-poitou-b045a025\/"]}]}},"_links":{"self":[{"href":"http:\/\/www.frederic-poitou.com\/blog\/wp-json\/wp\/v2\/posts\/111","targetHints":{"allow":["GET"]}}],"collection":[{"href":"http:\/\/www.frederic-poitou.com\/blog\/wp-json\/wp\/v2\/posts"}],"about":[{"href":"http:\/\/www.frederic-poitou.com\/blog\/wp-json\/wp\/v2\/types\/post"}],"author":[{"embeddable":true,"href":"http:\/\/www.frederic-poitou.com\/blog\/wp-json\/wp\/v2\/users\/4"}],"replies":[{"embeddable":true,"href":"http:\/\/www.frederic-poitou.com\/blog\/wp-json\/wp\/v2\/comments?post=111"}],"version-history":[{"count":1,"href":"http:\/\/www.frederic-poitou.com\/blog\/wp-json\/wp\/v2\/posts\/111\/revisions"}],"predecessor-version":[{"id":10315,"href":"http:\/\/www.frederic-poitou.com\/blog\/wp-json\/wp\/v2\/posts\/111\/revisions\/10315"}],"wp:featuredmedia":[{"embeddable":true,"href":"http:\/\/www.frederic-poitou.com\/blog\/wp-json\/wp\/v2\/media\/6758"}],"wp:attachment":[{"href":"http:\/\/www.frederic-poitou.com\/blog\/wp-json\/wp\/v2\/media?parent=111"}],"wp:term":[{"taxonomy":"category","embeddable":true,"href":"http:\/\/www.frederic-poitou.com\/blog\/wp-json\/wp\/v2\/categories?post=111"},{"taxonomy":"post_tag","embeddable":true,"href":"http:\/\/www.frederic-poitou.com\/blog\/wp-json\/wp\/v2\/tags?post=111"}],"curies":[{"name":"wp","href":"https:\/\/api.w.org\/{rel}","templated":true}]}}