{"id":10351,"date":"2023-07-15T06:50:32","date_gmt":"2023-07-15T04:50:32","guid":{"rendered":"http:\/\/www.frederic-poitou.com\/blog\/?p=10351"},"modified":"2026-04-28T00:41:39","modified_gmt":"2026-04-27T22:41:39","slug":"la-taxonomie-europeenne","status":"publish","type":"post","link":"http:\/\/www.frederic-poitou.com\/blog\/la-taxonomie-europeenne\/","title":{"rendered":"APPROCHE CONCR\u00c8TE DE LA TAXONOMIE EUROP\u00c9ENNE"},"content":{"rendered":"<div class=\"page\" title=\"Page 2\">\n<div class=\"section\">\n<div class=\"layoutArea\">\n<div class=\"column\">\n<p>Le re\u0301seau TREEES est ne\u0301 de l\u2019initiative du cabinet Hugo-Lepage Avocats qui, confronte\u0301 a\u0300 l\u2019instruction de dossiers complexes et empreints d\u2019une forte dimension scientifique et technique, a constate\u0301 la ne\u0301cessite\u0301 de travailler en relation e\u0301troite avec des experts et des professionnels d\u2019autres champs de compe\u0301tences.<\/p>\n<p>&nbsp;<\/p>\n<\/div>\n<\/div>\n<\/div>\n<div class=\"section\">\n<div class=\"layoutArea\">\n<div class=\"column\">\n<p>Ce premier constat a imme\u0301diatement e\u0301te\u0301 partage\u0301 par les autres professionnels qui ont recours a\u0300 des compe\u0301tences juridiques, comptables, de financement, de sante\u0301, du champ de l\u2019environnement et de la<\/p>\n<\/div>\n<\/div>\n<div class=\"layoutArea\">\n<div class=\"column\">\n<p>pollution, de la biodiversite\u0301 etc.<\/p>\n<p>Est ainsi ne\u0301e l\u2019ide\u0301e de constituer ce re\u0301seau de professionnels qui se connaissent et travaillent ensemble quotidiennement, appre\u0301ciant leurs compe\u0301tences respectives et partageant les me\u0302mes valeurs et la me\u0302me e\u0301thique : rechercher, au-dela\u0300 des contraintes de la vie e\u0301conomique, le bien commun et l\u2019utilite\u0301.<\/p>\n<div class=\"page\" title=\"Page 2\">\n<div class=\"layoutArea\">\n<div class=\"column\">\n<p>Le sujet de la taxonomie europe\u0301enne irrigue la quasi-totalite\u0301 des activite\u0301s e\u0301conomiques et par voie de conse\u0301quence, les compe\u0301tences techniques qui fondent ces activite\u0301s.<\/p>\n<p>Elle est a\u0300 la base des nouvelles orientations financie\u0300res, qu\u2019il s\u2019agisse du reporting des banques, des investisseurs ou des assurances.<\/p>\n<p>C\u2019est la raison pour laquelle le re\u0301seau Trees a conside\u0301re\u0301 qu\u2019il e\u0301tait particulie\u0300rement inte\u0301ressant de traiter de manie\u0300re aussi concre\u0300te que possible les six objectifs de la taxonomie, ainsi que les nouvelles obligations financie\u0300res re\u0301sultant de ces textes.<\/p>\n<p>Chaque Webinaire, y compris le premier d\u2019entre eux qui concernait la pre\u0301sentation ge\u0301ne\u0301rale du sujet, a permis une approche a\u0300 la fois juridique et technico-pratique de la taxonomie. Cette approche a e\u0301te\u0301 rendue possible par la participation des nombreux experts du re\u0301seau, qui, chacun dans leur domaine de compe\u0301tence, a pu traiter de l\u2019impact de la taxonomie.<\/p>\n<p>Ce petit ouvrage, qui inte\u0300gre les pre\u0301sentations des huit webinaires, est probablement l\u2019un des premiers outils pratiques de cette re\u0301volution e\u0301conomique qui s\u2019inte\u0300gre dans le Green new deal.<\/p>\n<p>Les membres du re\u0301seau Trees sont heureux de le mettre a\u0300 votre disposition en libre t\u00e9l\u00e9chargement : <a href=\"https:\/\/lnkd.in\/enPCuFmS\" target=\"_blank\" rel=\"noopener\">https:\/\/lnkd.in\/enPCuFmS<\/a><\/p>\n<p>&nbsp;<\/p>\n<p><a href=\"https:\/\/www.linkedin.com\/in\/ACoAABYdkh0BYNCrsH5b6UreqBfTFCV1kWi6odE\" data-attribute-index=\"1\" data-entity-hovercard-id=\"urn:li:fs_miniProfile:ACoAABYdkh0BYNCrsH5b6UreqBfTFCV1kWi6odE\" data-entity-type=\"MINI_PROFILE\">Corinne Lepage<\/a>\u00a0<a href=\"https:\/\/www.linkedin.com\/in\/ACoAAAU_fDQBU6XqvFswcs10IAm9S7C3fSgqrJs\" data-attribute-index=\"3\" data-entity-hovercard-id=\"urn:li:fs_miniProfile:ACoAAAU_fDQBU6XqvFswcs10IAm9S7C3fSgqrJs\" data-entity-type=\"MINI_PROFILE\">Fr\u00e9d\u00e9ric POITOU<\/a>\u00a0<a href=\"https:\/\/www.linkedin.com\/in\/ACoAAAKWxREBKSkB0ktMeEgB6NvphGNf6YNvkcU\" data-attribute-index=\"5\" data-entity-hovercard-id=\"urn:li:fs_miniProfile:ACoAAAKWxREBKSkB0ktMeEgB6NvphGNf6YNvkcU\" data-entity-type=\"MINI_PROFILE\">Patrick DANSET<\/a>\u00a0<a href=\"https:\/\/www.linkedin.com\/in\/ACoAAAR5NA0B3z_MGt25v_gHIzQa4k-xQqB_MrE\" data-attribute-index=\"7\" data-entity-hovercard-id=\"urn:li:fs_miniProfile:ACoAAAR5NA0B3z_MGt25v_gHIzQa4k-xQqB_MrE\" data-entity-type=\"MINI_PROFILE\">Patrick ELISABETH<\/a>\u00a0<a href=\"https:\/\/www.linkedin.com\/in\/ACoAAAA6OLkBgYgI5FTZXt-6VPSGwZqBLQeIAHM\" data-attribute-index=\"9\" data-entity-hovercard-id=\"urn:li:fs_miniProfile:ACoAAAA6OLkBgYgI5FTZXt-6VPSGwZqBLQeIAHM\" data-entity-type=\"MINI_PROFILE\">Alexandre Lami<\/a>\u00a0<a href=\"https:\/\/www.linkedin.com\/in\/ACoAABCI8MkBb6QOrT3cZ-zPjBtZ6PNTVUITCD0\" data-attribute-index=\"11\" data-entity-hovercard-id=\"urn:li:fs_miniProfile:ACoAABCI8MkBb6QOrT3cZ-zPjBtZ6PNTVUITCD0\" data-entity-type=\"MINI_PROFILE\">Anne Rouard Coudert<\/a>\u00a0<a href=\"https:\/\/www.linkedin.com\/in\/ACoAAAgQuDABLNQ-yLbRnVzdGyWB_1fjXKKkfSQ\" data-attribute-index=\"13\" data-entity-hovercard-id=\"urn:li:fs_miniProfile:ACoAAAgQuDABLNQ-yLbRnVzdGyWB_1fjXKKkfSQ\" data-entity-type=\"MINI_PROFILE\">Benjamin Enault fondateur The Sense Activists<\/a>\u00a0<a href=\"https:\/\/www.linkedin.com\/in\/ACoAAChfNDsBpRgCjlk28Vb9YjwvwbTFRVxvI2E\" data-attribute-index=\"15\" data-entity-hovercard-id=\"urn:li:fs_miniProfile:ACoAAChfNDsBpRgCjlk28Vb9YjwvwbTFRVxvI2E\" data-entity-type=\"MINI_PROFILE\">Elodie BIA<\/a>\u00a0<a href=\"https:\/\/www.linkedin.com\/in\/ACoAABHlvjMB-U1OD4dKP2NSPbk9DiBwGubsbcI\" data-attribute-index=\"17\" data-entity-hovercard-id=\"urn:li:fs_miniProfile:ACoAABHlvjMB-U1OD4dKP2NSPbk9DiBwGubsbcI\" data-entity-type=\"MINI_PROFILE\">Fabien Squinazi<\/a>\u00a0<a href=\"https:\/\/www.linkedin.com\/in\/ACoAAAD13Z8BXQOXdqgV7tOcpvXWf4FLe41A4C0\" data-attribute-index=\"19\" data-entity-hovercard-id=\"urn:li:fs_miniProfile:ACoAAAD13Z8BXQOXdqgV7tOcpvXWf4FLe41A4C0\" data-entity-type=\"MINI_PROFILE\">Helene Jessua<\/a>\u00a0<a href=\"https:\/\/www.linkedin.com\/in\/ACoAAAcX7NsBWj02Q4VzCPIBVVFkfSktpu7gw0c\" data-attribute-index=\"21\" data-entity-hovercard-id=\"urn:li:fs_miniProfile:ACoAAAcX7NsBWj02Q4VzCPIBVVFkfSktpu7gw0c\" data-entity-type=\"MINI_PROFILE\">J\u00e9r\u00f4me BATISSE<\/a>\u00a0<a href=\"https:\/\/www.linkedin.com\/in\/ACoAAAPqGzABc5splbNFVW_3eFafGY0sSOEfXTM\" data-attribute-index=\"23\" data-entity-hovercard-id=\"urn:li:fs_miniProfile:ACoAAAPqGzABc5splbNFVW_3eFafGY0sSOEfXTM\" data-entity-type=\"MINI_PROFILE\">Laurent Bazin<\/a>\u00a0<a href=\"https:\/\/www.linkedin.com\/in\/ACoAAAhDM7cBgCDshVgUMXH24_qkYzHeG_vxhLQ\" data-attribute-index=\"25\" data-entity-hovercard-id=\"urn:li:fs_miniProfile:ACoAAAhDM7cBgCDshVgUMXH24_qkYzHeG_vxhLQ\" data-entity-type=\"MINI_PROFILE\">Lois Moulas<\/a>\u00a0<a href=\"https:\/\/www.linkedin.com\/in\/ACoAAAAKBqABMywPNX7eHGbcLJj9PfYjLCwZPAQ\" data-attribute-index=\"27\" data-entity-hovercard-id=\"urn:li:fs_miniProfile:ACoAAAAKBqABMywPNX7eHGbcLJj9PfYjLCwZPAQ\" data-entity-type=\"MINI_PROFILE\">Olivier Mege<\/a>\u00a0<a href=\"https:\/\/www.linkedin.com\/in\/ACoAAAAgTtEBzuDsC3yONzs_S3-CDDuCcqbKzjg\" data-attribute-index=\"29\" data-entity-hovercard-id=\"urn:li:fs_miniProfile:ACoAAAAgTtEBzuDsC3yONzs_S3-CDDuCcqbKzjg\" data-entity-type=\"MINI_PROFILE\">Dr. Rapha\u00ebl BOROUMAND, HDR<\/a>\u00a0<a href=\"https:\/\/www.linkedin.com\/in\/ACoAAAyUU0oBXq2PBlE430preiJBoaen2cZzui8\" data-attribute-index=\"31\" data-entity-hovercard-id=\"urn:li:fs_miniProfile:ACoAAAyUU0oBXq2PBlE430preiJBoaen2cZzui8\" data-entity-type=\"MINI_PROFILE\">Robin Mesnage<\/a>\u00a0<a href=\"https:\/\/www.linkedin.com\/in\/ACoAAACiVi0B3RSzMBLSNS_SwpUR7Vr7bOtOqjY\" data-attribute-index=\"33\" data-entity-hovercard-id=\"urn:li:fs_miniProfile:ACoAAACiVi0B3RSzMBLSNS_SwpUR7Vr7bOtOqjY\" data-entity-type=\"MINI_PROFILE\">Romuald Ribault<\/a>\u00a0<a href=\"https:\/\/www.linkedin.com\/in\/ACoAAApBx6sBAooaUHvnU7zHXR2fjqVMWLKzUdk\" data-attribute-index=\"35\" data-entity-hovercard-id=\"urn:li:fs_miniProfile:ACoAAApBx6sBAooaUHvnU7zHXR2fjqVMWLKzUdk\" data-entity-type=\"MINI_PROFILE\">Sonia Cortesse<\/a>\u00a0<a href=\"https:\/\/www.linkedin.com\/in\/ACoAAA2P1eoBWukl1mZTrVmX3OvuA-uGAtENlpM\" data-attribute-index=\"37\" data-entity-hovercard-id=\"urn:li:fs_miniProfile:ACoAAA2P1eoBWukl1mZTrVmX3OvuA-uGAtENlpM\" data-entity-type=\"MINI_PROFILE\">Sabine Rozier-Deroche<\/a>\u00a0<a href=\"https:\/\/www.linkedin.com\/in\/ACoAAAKCNvoBGXr3rplW-9529kvJHc8iTOh2LY0\" data-attribute-index=\"39\" data-entity-hovercard-id=\"urn:li:fs_miniProfile:ACoAAAKCNvoBGXr3rplW-9529kvJHc8iTOh2LY0\" data-entity-type=\"MINI_PROFILE\">Thierry Legeais<\/a><\/p>\n<p><a href=\"https:\/\/www.linkedin.com\/feed\/hashtag\/?keywords=huglolepageavocats&amp;highlightedUpdateUrns=urn%3Ali%3Aactivity%3A6948547187001704448\" data-attribute-index=\"41\">#huglolepageavocats<\/a>\u00a0<a href=\"https:\/\/www.linkedin.com\/feed\/hashtag\/?keywords=hla&amp;highlightedUpdateUrns=urn%3Ali%3Aactivity%3A6948547187001704448\" data-attribute-index=\"42\">#HLA<\/a>\u00a0<a href=\"https:\/\/www.linkedin.com\/feed\/hashtag\/?keywords=treees&amp;highlightedUpdateUrns=urn%3Ali%3Aactivity%3A6948547187001704448\" data-attribute-index=\"43\">#treees<\/a>\u00a0<a href=\"https:\/\/www.linkedin.com\/feed\/hashtag\/?keywords=r%C3%A9seautreees&amp;highlightedUpdateUrns=urn%3Ali%3Aactivity%3A6948547187001704448\" data-attribute-index=\"44\">#r\u00e9seauTREEES<\/a>\u00a0<a href=\"https:\/\/www.linkedin.com\/feed\/hashtag\/?keywords=webinaire&amp;highlightedUpdateUrns=urn%3Ali%3Aactivity%3A6948547187001704448\" data-attribute-index=\"45\">#webinaire<\/a>\u00a0<a href=\"https:\/\/www.linkedin.com\/feed\/hashtag\/?keywords=taxonomie&amp;highlightedUpdateUrns=urn%3Ali%3Aactivity%3A6948547187001704448\" data-attribute-index=\"46\">#taxonomie<\/a>\u00a0<a href=\"https:\/\/www.linkedin.com\/feed\/hashtag\/?keywords=taxonomieeuropeenne&amp;highlightedUpdateUrns=urn%3Ali%3Aactivity%3A6948547187001704448\" data-attribute-index=\"47\">#taxonomieeuropeenne<\/a>\u00a0<a href=\"https:\/\/www.linkedin.com\/feed\/hashtag\/?keywords=cycleconf%C3%A9rences&amp;highlightedUpdateUrns=urn%3Ali%3Aactivity%3A6948547187001704448\" data-attribute-index=\"48\">#cycleconf\u00e9rences<\/a>\u00a0<a href=\"https:\/\/www.linkedin.com\/feed\/hashtag\/?keywords=urgences%C3%A9cologiques&amp;highlightedUpdateUrns=urn%3Ali%3Aactivity%3A6948547187001704448\" data-attribute-index=\"49\">#urgences\u00e9cologiques<\/a>\u00a0<a href=\"https:\/\/www.linkedin.com\/feed\/hashtag\/?keywords=urgencessanitaires&amp;highlightedUpdateUrns=urn%3Ali%3Aactivity%3A6948547187001704448\" data-attribute-index=\"50\">#urgencessanitaires<\/a>\u00a0<a href=\"https:\/\/www.linkedin.com\/feed\/hashtag\/?keywords=biodiversit%C3%A9&amp;highlightedUpdateUrns=urn%3Ali%3Aactivity%3A6948547187001704448\" data-attribute-index=\"51\">#biodiversit\u00e9<\/a>\u00a0<a href=\"https:\/\/www.linkedin.com\/feed\/hashtag\/?keywords=environnement&amp;highlightedUpdateUrns=urn%3Ali%3Aactivity%3A6948547187001704448\" data-attribute-index=\"52\">#environnement<\/a>\u00a0<a href=\"https:\/\/www.linkedin.com\/feed\/hashtag\/?keywords=financedurable&amp;highlightedUpdateUrns=urn%3Ali%3Aactivity%3A6948547187001704448\" data-attribute-index=\"53\">#financedurable<\/a>\u00a0<a href=\"https:\/\/www.linkedin.com\/feed\/hashtag\/?keywords=urbanisme&amp;highlightedUpdateUrns=urn%3Ali%3Aactivity%3A6948547187001704448\" data-attribute-index=\"54\">#urbanisme<\/a>\u00a0<a href=\"https:\/\/www.linkedin.com\/feed\/hashtag\/?keywords=rse&amp;highlightedUpdateUrns=urn%3Ali%3Aactivity%3A6948547187001704448\" data-attribute-index=\"55\">#RSE<\/a><\/p>\n<p>&nbsp;<\/p>\n<\/div>\n<a href=\"http:\/\/www.frederic-poitou.com\/blog\/wp-content\/2022\/06\/Approches-concretes-de-la-taxonomie-europeenne.pdf\" class=\"pdfemb-viewer\" style=\"\" data-width=\"max\" data-height=\"max\" data-toolbar=\"bottom\" data-toolbar-fixed=\"off\">Approches concr\u00e8tes de la taxonomie europ\u00e9enne<\/a>\n<\/div>\n<\/div>\n<\/div>\n<\/div>\n<\/div>\n<\/div>\n","protected":false},"excerpt":{"rendered":"<p>Le re\u0301seau TREEES est ne\u0301 de l\u2019initiative du cabinet Hugo-Lepage Avocats qui, confronte\u0301 a\u0300 l\u2019instruction de dossiers complexes et empreints d\u2019une forte dimension scientifique et technique, a constate\u0301 la ne\u0301cessite\u0301 de travailler en relation e\u0301troite avec des experts et des &hellip; <a href=\"http:\/\/www.frederic-poitou.com\/blog\/la-taxonomie-europeenne\/\">Lire la suite\u00ad\u00ad<\/a><\/p>\n","protected":false},"author":4,"featured_media":10363,"comment_status":"closed","ping_status":"open","sticky":false,"template":"","format":"standard","meta":{"kt_blocks_editor_width":"","_exactmetrics_skip_tracking":false,"_exactmetrics_sitenote_active":false,"_exactmetrics_sitenote_note":"","_exactmetrics_sitenote_category":0,"footnotes":""},"categories":[48,53,51,54],"tags":[],"class_list":["post-10351","post","type-post","status-publish","format-standard","has-post-thumbnail","hentry","category-accueil","category-ecologie","category-politique","category-societe"],"yoast_head":"<!-- This site is optimized with the Yoast SEO plugin v27.1.1 - https:\/\/yoast.com\/product\/yoast-seo-wordpress\/ -->\n<title>APPROCHE CONCR\u00c8TE DE LA TAXONOMIE EUROP\u00c9ENNE -<\/title>\n<meta name=\"robots\" content=\"index, follow, max-snippet:-1, max-image-preview:large, max-video-preview:-1\" \/>\n<link rel=\"canonical\" href=\"http:\/\/www.frederic-poitou.com\/blog\/la-taxonomie-europeenne\/\" \/>\n<meta property=\"og:locale\" content=\"fr_FR\" \/>\n<meta property=\"og:type\" content=\"article\" \/>\n<meta property=\"og:title\" content=\"APPROCHE CONCR\u00c8TE DE LA TAXONOMIE EUROP\u00c9ENNE -\" \/>\n<meta property=\"og:description\" content=\"Le re\u0301seau TREEES est ne\u0301 de l\u2019initiative du cabinet Hugo-Lepage Avocats qui, confronte\u0301 a\u0300 l\u2019instruction de dossiers complexes et empreints d\u2019une forte dimension scientifique et technique, a constate\u0301 la ne\u0301cessite\u0301 de travailler en relation e\u0301troite avec des experts et des &hellip; Lire la suite\u00ad\u00ad\" \/>\n<meta property=\"og:url\" content=\"http:\/\/www.frederic-poitou.com\/blog\/la-taxonomie-europeenne\/\" \/>\n<meta property=\"article:publisher\" content=\"https:\/\/www.facebook.com\/frederic.poitou\/\" \/>\n<meta property=\"article:published_time\" content=\"2023-07-15T04:50:32+00:00\" \/>\n<meta property=\"article:modified_time\" content=\"2026-04-27T22:41:39+00:00\" \/>\n<meta property=\"og:image\" content=\"http:\/\/www.frederic-poitou.com\/blog\/wp-content\/2022\/06\/Sans-titre.jpeg\" \/>\n\t<meta property=\"og:image:width\" content=\"1208\" \/>\n\t<meta property=\"og:image:height\" content=\"1240\" \/>\n\t<meta property=\"og:image:type\" content=\"image\/jpeg\" \/>\n<meta name=\"author\" content=\"Fr\u00e9d\u00e9ric Poitou\" \/>\n<meta name=\"twitter:card\" content=\"summary_large_image\" \/>\n<meta name=\"twitter:creator\" content=\"@fredericpoitou\" \/>\n<meta name=\"twitter:site\" content=\"@fredericpoitou\" \/>\n<meta name=\"twitter:label1\" content=\"\u00c9crit par\" \/>\n\t<meta name=\"twitter:data1\" content=\"Fr\u00e9d\u00e9ric Poitou\" \/>\n\t<meta name=\"twitter:label2\" content=\"Dur\u00e9e de lecture estim\u00e9e\" \/>\n\t<meta name=\"twitter:data2\" content=\"2 minutes\" \/>\n<script type=\"application\/ld+json\" class=\"yoast-schema-graph\">{\"@context\":\"https:\/\/schema.org\",\"@graph\":[{\"@type\":\"Article\",\"@id\":\"http:\/\/www.frederic-poitou.com\/blog\/la-taxonomie-europeenne\/#article\",\"isPartOf\":{\"@id\":\"http:\/\/www.frederic-poitou.com\/blog\/la-taxonomie-europeenne\/\"},\"author\":{\"name\":\"Fr\u00e9d\u00e9ric Poitou\",\"@id\":\"http:\/\/www.frederic-poitou.com\/blog\/#\/schema\/person\/e2c2d05e978747818533fdce859a7799\"},\"headline\":\"APPROCHE CONCR\u00c8TE DE LA TAXONOMIE EUROP\u00c9ENNE\",\"datePublished\":\"2023-07-15T04:50:32+00:00\",\"dateModified\":\"2026-04-27T22:41:39+00:00\",\"mainEntityOfPage\":{\"@id\":\"http:\/\/www.frederic-poitou.com\/blog\/la-taxonomie-europeenne\/\"},\"wordCount\":471,\"image\":{\"@id\":\"http:\/\/www.frederic-poitou.com\/blog\/la-taxonomie-europeenne\/#primaryimage\"},\"thumbnailUrl\":\"http:\/\/www.frederic-poitou.com\/blog\/wp-content\/2022\/06\/Sans-titre.jpeg\",\"articleSection\":[\"Accueil\",\"Ecologie\",\"Politique\",\"Soci\u00e9t\u00e9\"],\"inLanguage\":\"fr-FR\"},{\"@type\":\"WebPage\",\"@id\":\"http:\/\/www.frederic-poitou.com\/blog\/la-taxonomie-europeenne\/\",\"url\":\"http:\/\/www.frederic-poitou.com\/blog\/la-taxonomie-europeenne\/\",\"name\":\"APPROCHE CONCR\u00c8TE DE LA TAXONOMIE EUROP\u00c9ENNE -\",\"isPartOf\":{\"@id\":\"http:\/\/www.frederic-poitou.com\/blog\/#website\"},\"primaryImageOfPage\":{\"@id\":\"http:\/\/www.frederic-poitou.com\/blog\/la-taxonomie-europeenne\/#primaryimage\"},\"image\":{\"@id\":\"http:\/\/www.frederic-poitou.com\/blog\/la-taxonomie-europeenne\/#primaryimage\"},\"thumbnailUrl\":\"http:\/\/www.frederic-poitou.com\/blog\/wp-content\/2022\/06\/Sans-titre.jpeg\",\"datePublished\":\"2023-07-15T04:50:32+00:00\",\"dateModified\":\"2026-04-27T22:41:39+00:00\",\"author\":{\"@id\":\"http:\/\/www.frederic-poitou.com\/blog\/#\/schema\/person\/e2c2d05e978747818533fdce859a7799\"},\"breadcrumb\":{\"@id\":\"http:\/\/www.frederic-poitou.com\/blog\/la-taxonomie-europeenne\/#breadcrumb\"},\"inLanguage\":\"fr-FR\",\"potentialAction\":[{\"@type\":\"ReadAction\",\"target\":[\"http:\/\/www.frederic-poitou.com\/blog\/la-taxonomie-europeenne\/\"]}]},{\"@type\":\"ImageObject\",\"inLanguage\":\"fr-FR\",\"@id\":\"http:\/\/www.frederic-poitou.com\/blog\/la-taxonomie-europeenne\/#primaryimage\",\"url\":\"http:\/\/www.frederic-poitou.com\/blog\/wp-content\/2022\/06\/Sans-titre.jpeg\",\"contentUrl\":\"http:\/\/www.frederic-poitou.com\/blog\/wp-content\/2022\/06\/Sans-titre.jpeg\",\"width\":1208,\"height\":1240},{\"@type\":\"BreadcrumbList\",\"@id\":\"http:\/\/www.frederic-poitou.com\/blog\/la-taxonomie-europeenne\/#breadcrumb\",\"itemListElement\":[{\"@type\":\"ListItem\",\"position\":1,\"name\":\"Accueil\",\"item\":\"http:\/\/www.frederic-poitou.com\/blog\/\"},{\"@type\":\"ListItem\",\"position\":2,\"name\":\"APPROCHE CONCR\u00c8TE DE LA TAXONOMIE EUROP\u00c9ENNE\"}]},{\"@type\":\"WebSite\",\"@id\":\"http:\/\/www.frederic-poitou.com\/blog\/#website\",\"url\":\"http:\/\/www.frederic-poitou.com\/blog\/\",\"name\":\"\",\"description\":\"\",\"potentialAction\":[{\"@type\":\"SearchAction\",\"target\":{\"@type\":\"EntryPoint\",\"urlTemplate\":\"http:\/\/www.frederic-poitou.com\/blog\/?s={search_term_string}\"},\"query-input\":{\"@type\":\"PropertyValueSpecification\",\"valueRequired\":true,\"valueName\":\"search_term_string\"}}],\"inLanguage\":\"fr-FR\"},{\"@type\":\"Person\",\"@id\":\"http:\/\/www.frederic-poitou.com\/blog\/#\/schema\/person\/e2c2d05e978747818533fdce859a7799\",\"name\":\"Fr\u00e9d\u00e9ric Poitou\",\"image\":{\"@type\":\"ImageObject\",\"inLanguage\":\"fr-FR\",\"@id\":\"http:\/\/www.frederic-poitou.com\/blog\/#\/schema\/person\/image\/\",\"url\":\"https:\/\/secure.gravatar.com\/avatar\/1933bcca279a2feafd35d9e0a080c521e11beb51115fe4cfe02e2586ac13424a?s=96&d=mm&r=g\",\"contentUrl\":\"https:\/\/secure.gravatar.com\/avatar\/1933bcca279a2feafd35d9e0a080c521e11beb51115fe4cfe02e2586ac13424a?s=96&d=mm&r=g\",\"caption\":\"Fr\u00e9d\u00e9ric Poitou\"},\"description\":\"Fr\u00e9d\u00e9ric Poitou est n\u00e9 \u00e0 Rouen, et y a fait des \u00e9tudes au Conservatoire en musique-\u00e9tudes en section piano. Il s'est ensuite orient\u00e9 vers des \u00e9tudes scientifiques o\u00f9 il a obtenu un dipl\u00f4me d'ing\u00e9nieur, puis un doctorat en Chimie. Il est Expert Judiciaire en France, en Belgique et \u00e0 Luxembourg, et agr\u00e9e par les Institutions Europ\u00e9ennes.\",\"sameAs\":[\"http:\/\/www.frederic-poitou.com\",\"https:\/\/www.linkedin.com\/in\/frederic-poitou-b045a025\/\"]}]}<\/script>\n<!-- \/ Yoast SEO plugin. -->","yoast_head_json":{"title":"APPROCHE CONCR\u00c8TE DE LA TAXONOMIE EUROP\u00c9ENNE -","robots":{"index":"index","follow":"follow","max-snippet":"max-snippet:-1","max-image-preview":"max-image-preview:large","max-video-preview":"max-video-preview:-1"},"canonical":"http:\/\/www.frederic-poitou.com\/blog\/la-taxonomie-europeenne\/","og_locale":"fr_FR","og_type":"article","og_title":"APPROCHE CONCR\u00c8TE DE LA TAXONOMIE EUROP\u00c9ENNE -","og_description":"Le re\u0301seau TREEES est ne\u0301 de l\u2019initiative du cabinet Hugo-Lepage Avocats qui, confronte\u0301 a\u0300 l\u2019instruction de dossiers complexes et empreints d\u2019une forte dimension scientifique et technique, a constate\u0301 la ne\u0301cessite\u0301 de travailler en relation e\u0301troite avec des experts et des &hellip; Lire la suite\u00ad\u00ad","og_url":"http:\/\/www.frederic-poitou.com\/blog\/la-taxonomie-europeenne\/","article_publisher":"https:\/\/www.facebook.com\/frederic.poitou\/","article_published_time":"2023-07-15T04:50:32+00:00","article_modified_time":"2026-04-27T22:41:39+00:00","og_image":[{"width":1208,"height":1240,"url":"http:\/\/www.frederic-poitou.com\/blog\/wp-content\/2022\/06\/Sans-titre.jpeg","type":"image\/jpeg"}],"author":"Fr\u00e9d\u00e9ric Poitou","twitter_card":"summary_large_image","twitter_creator":"@fredericpoitou","twitter_site":"@fredericpoitou","twitter_misc":{"\u00c9crit par":"Fr\u00e9d\u00e9ric Poitou","Dur\u00e9e de lecture estim\u00e9e":"2 minutes"},"schema":{"@context":"https:\/\/schema.org","@graph":[{"@type":"Article","@id":"http:\/\/www.frederic-poitou.com\/blog\/la-taxonomie-europeenne\/#article","isPartOf":{"@id":"http:\/\/www.frederic-poitou.com\/blog\/la-taxonomie-europeenne\/"},"author":{"name":"Fr\u00e9d\u00e9ric Poitou","@id":"http:\/\/www.frederic-poitou.com\/blog\/#\/schema\/person\/e2c2d05e978747818533fdce859a7799"},"headline":"APPROCHE CONCR\u00c8TE DE LA TAXONOMIE EUROP\u00c9ENNE","datePublished":"2023-07-15T04:50:32+00:00","dateModified":"2026-04-27T22:41:39+00:00","mainEntityOfPage":{"@id":"http:\/\/www.frederic-poitou.com\/blog\/la-taxonomie-europeenne\/"},"wordCount":471,"image":{"@id":"http:\/\/www.frederic-poitou.com\/blog\/la-taxonomie-europeenne\/#primaryimage"},"thumbnailUrl":"http:\/\/www.frederic-poitou.com\/blog\/wp-content\/2022\/06\/Sans-titre.jpeg","articleSection":["Accueil","Ecologie","Politique","Soci\u00e9t\u00e9"],"inLanguage":"fr-FR"},{"@type":"WebPage","@id":"http:\/\/www.frederic-poitou.com\/blog\/la-taxonomie-europeenne\/","url":"http:\/\/www.frederic-poitou.com\/blog\/la-taxonomie-europeenne\/","name":"APPROCHE CONCR\u00c8TE DE LA TAXONOMIE EUROP\u00c9ENNE -","isPartOf":{"@id":"http:\/\/www.frederic-poitou.com\/blog\/#website"},"primaryImageOfPage":{"@id":"http:\/\/www.frederic-poitou.com\/blog\/la-taxonomie-europeenne\/#primaryimage"},"image":{"@id":"http:\/\/www.frederic-poitou.com\/blog\/la-taxonomie-europeenne\/#primaryimage"},"thumbnailUrl":"http:\/\/www.frederic-poitou.com\/blog\/wp-content\/2022\/06\/Sans-titre.jpeg","datePublished":"2023-07-15T04:50:32+00:00","dateModified":"2026-04-27T22:41:39+00:00","author":{"@id":"http:\/\/www.frederic-poitou.com\/blog\/#\/schema\/person\/e2c2d05e978747818533fdce859a7799"},"breadcrumb":{"@id":"http:\/\/www.frederic-poitou.com\/blog\/la-taxonomie-europeenne\/#breadcrumb"},"inLanguage":"fr-FR","potentialAction":[{"@type":"ReadAction","target":["http:\/\/www.frederic-poitou.com\/blog\/la-taxonomie-europeenne\/"]}]},{"@type":"ImageObject","inLanguage":"fr-FR","@id":"http:\/\/www.frederic-poitou.com\/blog\/la-taxonomie-europeenne\/#primaryimage","url":"http:\/\/www.frederic-poitou.com\/blog\/wp-content\/2022\/06\/Sans-titre.jpeg","contentUrl":"http:\/\/www.frederic-poitou.com\/blog\/wp-content\/2022\/06\/Sans-titre.jpeg","width":1208,"height":1240},{"@type":"BreadcrumbList","@id":"http:\/\/www.frederic-poitou.com\/blog\/la-taxonomie-europeenne\/#breadcrumb","itemListElement":[{"@type":"ListItem","position":1,"name":"Accueil","item":"http:\/\/www.frederic-poitou.com\/blog\/"},{"@type":"ListItem","position":2,"name":"APPROCHE CONCR\u00c8TE DE LA TAXONOMIE EUROP\u00c9ENNE"}]},{"@type":"WebSite","@id":"http:\/\/www.frederic-poitou.com\/blog\/#website","url":"http:\/\/www.frederic-poitou.com\/blog\/","name":"","description":"","potentialAction":[{"@type":"SearchAction","target":{"@type":"EntryPoint","urlTemplate":"http:\/\/www.frederic-poitou.com\/blog\/?s={search_term_string}"},"query-input":{"@type":"PropertyValueSpecification","valueRequired":true,"valueName":"search_term_string"}}],"inLanguage":"fr-FR"},{"@type":"Person","@id":"http:\/\/www.frederic-poitou.com\/blog\/#\/schema\/person\/e2c2d05e978747818533fdce859a7799","name":"Fr\u00e9d\u00e9ric Poitou","image":{"@type":"ImageObject","inLanguage":"fr-FR","@id":"http:\/\/www.frederic-poitou.com\/blog\/#\/schema\/person\/image\/","url":"https:\/\/secure.gravatar.com\/avatar\/1933bcca279a2feafd35d9e0a080c521e11beb51115fe4cfe02e2586ac13424a?s=96&d=mm&r=g","contentUrl":"https:\/\/secure.gravatar.com\/avatar\/1933bcca279a2feafd35d9e0a080c521e11beb51115fe4cfe02e2586ac13424a?s=96&d=mm&r=g","caption":"Fr\u00e9d\u00e9ric Poitou"},"description":"Fr\u00e9d\u00e9ric Poitou est n\u00e9 \u00e0 Rouen, et y a fait des \u00e9tudes au Conservatoire en musique-\u00e9tudes en section piano. Il s'est ensuite orient\u00e9 vers des \u00e9tudes scientifiques o\u00f9 il a obtenu un dipl\u00f4me d'ing\u00e9nieur, puis un doctorat en Chimie. Il est Expert Judiciaire en France, en Belgique et \u00e0 Luxembourg, et agr\u00e9e par les Institutions Europ\u00e9ennes.","sameAs":["http:\/\/www.frederic-poitou.com","https:\/\/www.linkedin.com\/in\/frederic-poitou-b045a025\/"]}]}},"_links":{"self":[{"href":"http:\/\/www.frederic-poitou.com\/blog\/wp-json\/wp\/v2\/posts\/10351","targetHints":{"allow":["GET"]}}],"collection":[{"href":"http:\/\/www.frederic-poitou.com\/blog\/wp-json\/wp\/v2\/posts"}],"about":[{"href":"http:\/\/www.frederic-poitou.com\/blog\/wp-json\/wp\/v2\/types\/post"}],"author":[{"embeddable":true,"href":"http:\/\/www.frederic-poitou.com\/blog\/wp-json\/wp\/v2\/users\/4"}],"replies":[{"embeddable":true,"href":"http:\/\/www.frederic-poitou.com\/blog\/wp-json\/wp\/v2\/comments?post=10351"}],"version-history":[{"count":4,"href":"http:\/\/www.frederic-poitou.com\/blog\/wp-json\/wp\/v2\/posts\/10351\/revisions"}],"predecessor-version":[{"id":10361,"href":"http:\/\/www.frederic-poitou.com\/blog\/wp-json\/wp\/v2\/posts\/10351\/revisions\/10361"}],"wp:featuredmedia":[{"embeddable":true,"href":"http:\/\/www.frederic-poitou.com\/blog\/wp-json\/wp\/v2\/media\/10363"}],"wp:attachment":[{"href":"http:\/\/www.frederic-poitou.com\/blog\/wp-json\/wp\/v2\/media?parent=10351"}],"wp:term":[{"taxonomy":"category","embeddable":true,"href":"http:\/\/www.frederic-poitou.com\/blog\/wp-json\/wp\/v2\/categories?post=10351"},{"taxonomy":"post_tag","embeddable":true,"href":"http:\/\/www.frederic-poitou.com\/blog\/wp-json\/wp\/v2\/tags?post=10351"}],"curies":[{"name":"wp","href":"https:\/\/api.w.org\/{rel}","templated":true}]}}