{"id":10215,"date":"2023-07-13T17:26:32","date_gmt":"2023-07-13T15:26:32","guid":{"rendered":"http:\/\/www.frederic-poitou.com\/blog\/?p=10215"},"modified":"2026-04-10T07:15:00","modified_gmt":"2026-04-10T05:15:00","slug":"paris-bouquins-et-bouquinistes","status":"publish","type":"post","link":"http:\/\/www.frederic-poitou.com\/blog\/paris-bouquins-et-bouquinistes\/","title":{"rendered":"PARIS, BOUQUINS ET BOUQUINISTES &#8230;"},"content":{"rendered":"<p>Re\u00e7u de notre ami J\u00e9r\u00f4me Callais, pr\u00e9sident de l&rsquo;association culturelle des bouquinistes, et n\u00e9anmoins ancien \u00e9l\u00e8ve du <span style=\"color: #333399;\"><a style=\"color: #333399;\" href=\"https:\/\/www.facebook.com\/groups\/126883140698392\" target=\"_blank\" rel=\"noopener\">Conservatoire de musique de Rouen<\/a><\/span> !<\/p>\n<p>&nbsp;<\/p>\n<p>De nombreuses expositions et \u00e9v\u00e8nements auront lieu \u00e0 Paris cet \u00e9t\u00e9, sur les quais des bouquinistes &#8230;<\/p>\n<p>&nbsp;<\/p>\n<p>Du 5 mai au 22 mai , Art et bouquinistes sur les quais de Conti et Malaquais. Une vingtaine d&rsquo;artistes contemporains exposent, chacun chez un bouquiniste de ces deux quais, une oeuvre&#8230;<\/p>\n<p>Du 21 mai(vernissage le 20 mai en fin d&rsquo;apr\u00e8s midi&#8230;) au 14 juin 15h, au salon du Vieux Colombier, au 2e \u00e9tage de la mairie du 6e, place Saint Sulpice, exposition \u00a0\u00bb les bouquinistes des quais de Paris dans l&rsquo;estampe contemporaine \u00ab\u00a0. 150 estampes r\u00e9alis\u00e9es ces cinq derni\u00e8res ann\u00e9es par une soixantaine d&rsquo;artistes &#8230;<\/p>\n<p>Du 26 au 29 mai, salon du livre ancien, place Saint Sulpice o\u00f9 l&rsquo;association culturelle des bouquinistes aura un stand de repr\u00e9sentation&#8230;<\/p>\n<p>D\u00e9but juillet, d\u00e9but de la petite exposition sur les bouquinistes des quais de Paris au mus\u00e9e Carnavalet, autour de la bo\u00eete de bouquiniste qui vient d&rsquo;int\u00e9grer les collections du mus\u00e9e. Elle y sera pr\u00e9sent\u00e9e entour\u00e9e des dessins tableaux, gravures et documents issus des collections du mus\u00e9e en rapport avec le sujet durant tout le second semestre&#8230;<\/p>\n<p>Du 14 septembre au 14 novembre, exposition de 50 portraits photographiques, en format 125 cm x 125 cm, de bouquinistes, oeuvres d&rsquo;Alain Cornu, sur les grilles du square du jardin du Carreau du Temple et de la mairie de Paris Centre&#8230;.<\/p>\n<p>Du 23 au 25 septembre( vernissage le 22 septembre de 17h \u00e0 22h), dans le cadre du Salon international du livre rare au Grand palais \u00e9ph\u00e9m\u00e8re, sur le stand de l&rsquo;association culturelle des bouquinistes de Paris, exposition de 100 portraits( format 40 cm x 40 cm) photographiques de bouquinistes, ouvrez d&rsquo;Alain Cornu&#8230;<\/p>\n<p>Et&#8230;les 18, 19 juin, festival Paname Bouquine sur les quais de l&rsquo;h\u00f4tel de ville, de la Tournelle et Malaquais &#8230;<\/p>\n<p>&nbsp;<\/p>\n<p>Pour tout contact : J\u00e9r\u00f4me Calais : <span style=\"color: #333399;\"><a style=\"color: #333399;\" href=\"mailto:bouquinistesdesquais@laposte.net\" target=\"_blank\" rel=\"noopener\">bouquinistesdesquais@laposte.net<\/a><\/span><\/p>\n<p>&nbsp;<\/p>\n<div id=\"kad-wp-gallery64\" class=\"kad-wp-gallery kad-light-wp-gallery clearfix kt-gallery-column-3 rowtight\"><div class=\"tcol-lg-4 tcol-md-4 tcol-sm-4 tcol-xs-6 tcol-ss-12 g_item\"><div class=\"grid_item kad_gallery_fade_in gallery_item\"><a href=\"http:\/\/www.frederic-poitou.com\/blog\/wp-content\/2022\/05\/a0a74b14-3d10-435e-9af0-a2de1aa4fe3c.jpg\" data-rel=\"lightbox\" class=\"lightboxhover\"><img loading=\"lazy\" decoding=\"async\" src=\"http:\/\/www.frederic-poitou.com\/blog\/wp-content\/2022\/05\/a0a74b14-3d10-435e-9af0-a2de1aa4fe3c-400x400.jpg\" width=\"400\" height=\"400\" alt=\"J\u00e9r\u00f4me Callais, bouquiniste et pr\u00e9sident de l&#039;association culturelle des bouquinistes\" srcset=\"http:\/\/www.frederic-poitou.com\/blog\/wp-content\/2022\/05\/a0a74b14-3d10-435e-9af0-a2de1aa4fe3c-400x400.jpg 400w, http:\/\/www.frederic-poitou.com\/blog\/wp-content\/2022\/05\/a0a74b14-3d10-435e-9af0-a2de1aa4fe3c-150x150.jpg 150w, http:\/\/www.frederic-poitou.com\/blog\/wp-content\/2022\/05\/a0a74b14-3d10-435e-9af0-a2de1aa4fe3c-560x560.jpg 560w, http:\/\/www.frederic-poitou.com\/blog\/wp-content\/2022\/05\/a0a74b14-3d10-435e-9af0-a2de1aa4fe3c-800x800.jpg 800w\" sizes=\"auto, (max-width: 400px) 100vw, 400px\" class=\"light-dropshaddow\"\/><\/a><\/div><\/div><div class=\"tcol-lg-4 tcol-md-4 tcol-sm-4 tcol-xs-6 tcol-ss-12 g_item\"><div class=\"grid_item kad_gallery_fade_in gallery_item\"><a href=\"http:\/\/www.frederic-poitou.com\/blog\/wp-content\/2022\/05\/bd41142e-9664-46ba-b147-c8f4a76e40b5.jpg\" data-rel=\"lightbox\" class=\"lightboxhover\"><img loading=\"lazy\" decoding=\"async\" src=\"http:\/\/www.frederic-poitou.com\/blog\/wp-content\/2022\/05\/bd41142e-9664-46ba-b147-c8f4a76e40b5-400x400.jpg\" width=\"400\" height=\"400\" alt=\"J\u00e9r\u00f4me Callais, bouquiniste et pr\u00e9sident de l&#039;association culturelle des bouquinistes\" srcset=\"http:\/\/www.frederic-poitou.com\/blog\/wp-content\/2022\/05\/bd41142e-9664-46ba-b147-c8f4a76e40b5-400x400.jpg 400w, http:\/\/www.frederic-poitou.com\/blog\/wp-content\/2022\/05\/bd41142e-9664-46ba-b147-c8f4a76e40b5-150x150.jpg 150w, http:\/\/www.frederic-poitou.com\/blog\/wp-content\/2022\/05\/bd41142e-9664-46ba-b147-c8f4a76e40b5-560x560.jpg 560w, http:\/\/www.frederic-poitou.com\/blog\/wp-content\/2022\/05\/bd41142e-9664-46ba-b147-c8f4a76e40b5-800x800.jpg 800w\" sizes=\"auto, (max-width: 400px) 100vw, 400px\" class=\"light-dropshaddow\"\/><\/a><\/div><\/div><div class=\"tcol-lg-4 tcol-md-4 tcol-sm-4 tcol-xs-6 tcol-ss-12 g_item\"><div class=\"grid_item kad_gallery_fade_in gallery_item\"><a href=\"http:\/\/www.frederic-poitou.com\/blog\/wp-content\/2022\/05\/694993ce-e576-4007-bc2e-9cbb1ef3df21.jpg\" data-rel=\"lightbox\" class=\"lightboxhover\"><img loading=\"lazy\" decoding=\"async\" src=\"http:\/\/www.frederic-poitou.com\/blog\/wp-content\/2022\/05\/694993ce-e576-4007-bc2e-9cbb1ef3df21-400x400.jpg\" width=\"400\" height=\"400\" alt=\"J\u00e9r\u00f4me Callais, bouquiniste et pr\u00e9sident de l&#039;association culturelle des bouquinistes\" srcset=\"http:\/\/www.frederic-poitou.com\/blog\/wp-content\/2022\/05\/694993ce-e576-4007-bc2e-9cbb1ef3df21-400x400.jpg 400w, http:\/\/www.frederic-poitou.com\/blog\/wp-content\/2022\/05\/694993ce-e576-4007-bc2e-9cbb1ef3df21-150x150.jpg 150w, http:\/\/www.frederic-poitou.com\/blog\/wp-content\/2022\/05\/694993ce-e576-4007-bc2e-9cbb1ef3df21-560x560.jpg 560w, http:\/\/www.frederic-poitou.com\/blog\/wp-content\/2022\/05\/694993ce-e576-4007-bc2e-9cbb1ef3df21-800x800.jpg 800w\" sizes=\"auto, (max-width: 400px) 100vw, 400px\" class=\"light-dropshaddow\"\/><\/a><\/div><\/div><div class=\"tcol-lg-4 tcol-md-4 tcol-sm-4 tcol-xs-6 tcol-ss-12 g_item\"><div class=\"grid_item kad_gallery_fade_in gallery_item\"><a href=\"http:\/\/www.frederic-poitou.com\/blog\/wp-content\/2022\/05\/047fe3d2-c433-4ee7-87c6-3b5f63350346.jpg\" data-rel=\"lightbox\" class=\"lightboxhover\"><img loading=\"lazy\" decoding=\"async\" src=\"http:\/\/www.frederic-poitou.com\/blog\/wp-content\/2022\/05\/047fe3d2-c433-4ee7-87c6-3b5f63350346-400x400.jpg\" width=\"400\" height=\"400\" alt=\"J\u00e9r\u00f4me Callais, bouquiniste et pr\u00e9sident de l&#039;association culturelle des bouquinistes\" srcset=\"http:\/\/www.frederic-poitou.com\/blog\/wp-content\/2022\/05\/047fe3d2-c433-4ee7-87c6-3b5f63350346-400x400.jpg 400w, http:\/\/www.frederic-poitou.com\/blog\/wp-content\/2022\/05\/047fe3d2-c433-4ee7-87c6-3b5f63350346-150x150.jpg 150w, http:\/\/www.frederic-poitou.com\/blog\/wp-content\/2022\/05\/047fe3d2-c433-4ee7-87c6-3b5f63350346-560x560.jpg 560w, http:\/\/www.frederic-poitou.com\/blog\/wp-content\/2022\/05\/047fe3d2-c433-4ee7-87c6-3b5f63350346-800x800.jpg 800w\" sizes=\"auto, (max-width: 400px) 100vw, 400px\" class=\"light-dropshaddow\"\/><\/a><\/div><\/div><\/div>\n<p>&nbsp;<\/p>\n","protected":false},"excerpt":{"rendered":"<p>Re\u00e7u de notre ami J\u00e9r\u00f4me Callais, pr\u00e9sident de l&rsquo;association culturelle des bouquinistes, et n\u00e9anmoins ancien \u00e9l\u00e8ve du Conservatoire de musique de Rouen ! &nbsp; De nombreuses expositions et \u00e9v\u00e8nements auront lieu \u00e0 Paris cet \u00e9t\u00e9, sur les quais des bouquinistes &hellip; <a href=\"http:\/\/www.frederic-poitou.com\/blog\/paris-bouquins-et-bouquinistes\/\">Lire la suite\u00ad\u00ad<\/a><\/p>\n","protected":false},"author":4,"featured_media":10216,"comment_status":"closed","ping_status":"open","sticky":false,"template":"","format":"standard","meta":{"kt_blocks_editor_width":"","_exactmetrics_skip_tracking":false,"_exactmetrics_sitenote_active":false,"_exactmetrics_sitenote_note":"","_exactmetrics_sitenote_category":0,"footnotes":""},"categories":[48,44],"tags":[],"class_list":["post-10215","post","type-post","status-publish","format-standard","has-post-thumbnail","hentry","category-accueil","category-culture"],"yoast_head":"<!-- This site is optimized with the Yoast SEO plugin v27.1.1 - https:\/\/yoast.com\/product\/yoast-seo-wordpress\/ -->\n<title>PARIS, BOUQUINS ET BOUQUINISTES ... -<\/title>\n<meta name=\"robots\" content=\"index, follow, max-snippet:-1, max-image-preview:large, max-video-preview:-1\" \/>\n<link rel=\"canonical\" href=\"http:\/\/www.frederic-poitou.com\/blog\/paris-bouquins-et-bouquinistes\/\" \/>\n<meta property=\"og:locale\" content=\"fr_FR\" \/>\n<meta property=\"og:type\" content=\"article\" \/>\n<meta property=\"og:title\" content=\"PARIS, BOUQUINS ET BOUQUINISTES ... -\" \/>\n<meta property=\"og:description\" content=\"Re\u00e7u de notre ami J\u00e9r\u00f4me Callais, pr\u00e9sident de l&rsquo;association culturelle des bouquinistes, et n\u00e9anmoins ancien \u00e9l\u00e8ve du Conservatoire de musique de Rouen ! &nbsp; De nombreuses expositions et \u00e9v\u00e8nements auront lieu \u00e0 Paris cet \u00e9t\u00e9, sur les quais des bouquinistes &hellip; Lire la suite\u00ad\u00ad\" \/>\n<meta property=\"og:url\" content=\"http:\/\/www.frederic-poitou.com\/blog\/paris-bouquins-et-bouquinistes\/\" \/>\n<meta property=\"article:publisher\" content=\"https:\/\/www.facebook.com\/frederic.poitou\/\" \/>\n<meta property=\"article:published_time\" content=\"2023-07-13T15:26:32+00:00\" \/>\n<meta property=\"article:modified_time\" content=\"2026-04-10T05:15:00+00:00\" \/>\n<meta property=\"og:image\" content=\"http:\/\/www.frederic-poitou.com\/blog\/wp-content\/2022\/05\/bouquinistes-Paris.jpg\" \/>\n\t<meta property=\"og:image:width\" content=\"1280\" \/>\n\t<meta property=\"og:image:height\" content=\"960\" \/>\n\t<meta property=\"og:image:type\" content=\"image\/jpeg\" \/>\n<meta name=\"author\" content=\"Fr\u00e9d\u00e9ric Poitou\" \/>\n<meta name=\"twitter:card\" content=\"summary_large_image\" \/>\n<meta name=\"twitter:creator\" content=\"@fredericpoitou\" \/>\n<meta name=\"twitter:site\" content=\"@fredericpoitou\" \/>\n<meta name=\"twitter:label1\" content=\"\u00c9crit par\" \/>\n\t<meta name=\"twitter:data1\" content=\"Fr\u00e9d\u00e9ric Poitou\" \/>\n\t<meta name=\"twitter:label2\" content=\"Dur\u00e9e de lecture estim\u00e9e\" \/>\n\t<meta name=\"twitter:data2\" content=\"2 minutes\" \/>\n<script type=\"application\/ld+json\" class=\"yoast-schema-graph\">{\"@context\":\"https:\/\/schema.org\",\"@graph\":[{\"@type\":\"Article\",\"@id\":\"http:\/\/www.frederic-poitou.com\/blog\/paris-bouquins-et-bouquinistes\/#article\",\"isPartOf\":{\"@id\":\"http:\/\/www.frederic-poitou.com\/blog\/paris-bouquins-et-bouquinistes\/\"},\"author\":{\"name\":\"Fr\u00e9d\u00e9ric Poitou\",\"@id\":\"https:\/\/www.frederic-poitou.com\/blog\/#\/schema\/person\/e2c2d05e978747818533fdce859a7799\"},\"headline\":\"PARIS, BOUQUINS ET BOUQUINISTES &#8230;\",\"datePublished\":\"2023-07-13T15:26:32+00:00\",\"dateModified\":\"2026-04-10T05:15:00+00:00\",\"mainEntityOfPage\":{\"@id\":\"http:\/\/www.frederic-poitou.com\/blog\/paris-bouquins-et-bouquinistes\/\"},\"wordCount\":347,\"image\":{\"@id\":\"http:\/\/www.frederic-poitou.com\/blog\/paris-bouquins-et-bouquinistes\/#primaryimage\"},\"thumbnailUrl\":\"http:\/\/www.frederic-poitou.com\/blog\/wp-content\/2022\/05\/bouquinistes-Paris.jpg\",\"articleSection\":[\"Accueil\",\"Culture\"],\"inLanguage\":\"fr-FR\"},{\"@type\":\"WebPage\",\"@id\":\"http:\/\/www.frederic-poitou.com\/blog\/paris-bouquins-et-bouquinistes\/\",\"url\":\"http:\/\/www.frederic-poitou.com\/blog\/paris-bouquins-et-bouquinistes\/\",\"name\":\"PARIS, BOUQUINS ET BOUQUINISTES ... -\",\"isPartOf\":{\"@id\":\"https:\/\/www.frederic-poitou.com\/blog\/#website\"},\"primaryImageOfPage\":{\"@id\":\"http:\/\/www.frederic-poitou.com\/blog\/paris-bouquins-et-bouquinistes\/#primaryimage\"},\"image\":{\"@id\":\"http:\/\/www.frederic-poitou.com\/blog\/paris-bouquins-et-bouquinistes\/#primaryimage\"},\"thumbnailUrl\":\"http:\/\/www.frederic-poitou.com\/blog\/wp-content\/2022\/05\/bouquinistes-Paris.jpg\",\"datePublished\":\"2023-07-13T15:26:32+00:00\",\"dateModified\":\"2026-04-10T05:15:00+00:00\",\"author\":{\"@id\":\"https:\/\/www.frederic-poitou.com\/blog\/#\/schema\/person\/e2c2d05e978747818533fdce859a7799\"},\"breadcrumb\":{\"@id\":\"http:\/\/www.frederic-poitou.com\/blog\/paris-bouquins-et-bouquinistes\/#breadcrumb\"},\"inLanguage\":\"fr-FR\",\"potentialAction\":[{\"@type\":\"ReadAction\",\"target\":[\"http:\/\/www.frederic-poitou.com\/blog\/paris-bouquins-et-bouquinistes\/\"]}]},{\"@type\":\"ImageObject\",\"inLanguage\":\"fr-FR\",\"@id\":\"http:\/\/www.frederic-poitou.com\/blog\/paris-bouquins-et-bouquinistes\/#primaryimage\",\"url\":\"http:\/\/www.frederic-poitou.com\/blog\/wp-content\/2022\/05\/bouquinistes-Paris.jpg\",\"contentUrl\":\"http:\/\/www.frederic-poitou.com\/blog\/wp-content\/2022\/05\/bouquinistes-Paris.jpg\",\"width\":1280,\"height\":960,\"caption\":\"J\u00e9r\u00f4me Callais, bouquiniste et pr\u00e9sident de l'association culturelle des bouquinistes\"},{\"@type\":\"BreadcrumbList\",\"@id\":\"http:\/\/www.frederic-poitou.com\/blog\/paris-bouquins-et-bouquinistes\/#breadcrumb\",\"itemListElement\":[{\"@type\":\"ListItem\",\"position\":1,\"name\":\"Accueil\",\"item\":\"https:\/\/www.frederic-poitou.com\/blog\/\"},{\"@type\":\"ListItem\",\"position\":2,\"name\":\"PARIS, BOUQUINS ET BOUQUINISTES &#8230;\"}]},{\"@type\":\"WebSite\",\"@id\":\"https:\/\/www.frederic-poitou.com\/blog\/#website\",\"url\":\"https:\/\/www.frederic-poitou.com\/blog\/\",\"name\":\"\",\"description\":\"\",\"potentialAction\":[{\"@type\":\"SearchAction\",\"target\":{\"@type\":\"EntryPoint\",\"urlTemplate\":\"https:\/\/www.frederic-poitou.com\/blog\/?s={search_term_string}\"},\"query-input\":{\"@type\":\"PropertyValueSpecification\",\"valueRequired\":true,\"valueName\":\"search_term_string\"}}],\"inLanguage\":\"fr-FR\"},{\"@type\":\"Person\",\"@id\":\"https:\/\/www.frederic-poitou.com\/blog\/#\/schema\/person\/e2c2d05e978747818533fdce859a7799\",\"name\":\"Fr\u00e9d\u00e9ric Poitou\",\"image\":{\"@type\":\"ImageObject\",\"inLanguage\":\"fr-FR\",\"@id\":\"https:\/\/www.frederic-poitou.com\/blog\/#\/schema\/person\/image\/\",\"url\":\"https:\/\/secure.gravatar.com\/avatar\/1933bcca279a2feafd35d9e0a080c521e11beb51115fe4cfe02e2586ac13424a?s=96&d=mm&r=g\",\"contentUrl\":\"https:\/\/secure.gravatar.com\/avatar\/1933bcca279a2feafd35d9e0a080c521e11beb51115fe4cfe02e2586ac13424a?s=96&d=mm&r=g\",\"caption\":\"Fr\u00e9d\u00e9ric Poitou\"},\"description\":\"Fr\u00e9d\u00e9ric Poitou est n\u00e9 \u00e0 Rouen, et y a fait des \u00e9tudes au Conservatoire en musique-\u00e9tudes en section piano. Il s'est ensuite orient\u00e9 vers des \u00e9tudes scientifiques o\u00f9 il a obtenu un dipl\u00f4me d'ing\u00e9nieur, puis un doctorat en Chimie. Il est Expert Judiciaire en France, en Belgique et \u00e0 Luxembourg, et agr\u00e9e par les Institutions Europ\u00e9ennes.\",\"sameAs\":[\"http:\/\/www.frederic-poitou.com\",\"https:\/\/www.linkedin.com\/in\/frederic-poitou-b045a025\/\"]}]}<\/script>\n<!-- \/ Yoast SEO plugin. -->","yoast_head_json":{"title":"PARIS, BOUQUINS ET BOUQUINISTES ... -","robots":{"index":"index","follow":"follow","max-snippet":"max-snippet:-1","max-image-preview":"max-image-preview:large","max-video-preview":"max-video-preview:-1"},"canonical":"http:\/\/www.frederic-poitou.com\/blog\/paris-bouquins-et-bouquinistes\/","og_locale":"fr_FR","og_type":"article","og_title":"PARIS, BOUQUINS ET BOUQUINISTES ... -","og_description":"Re\u00e7u de notre ami J\u00e9r\u00f4me Callais, pr\u00e9sident de l&rsquo;association culturelle des bouquinistes, et n\u00e9anmoins ancien \u00e9l\u00e8ve du Conservatoire de musique de Rouen ! &nbsp; De nombreuses expositions et \u00e9v\u00e8nements auront lieu \u00e0 Paris cet \u00e9t\u00e9, sur les quais des bouquinistes &hellip; Lire la suite\u00ad\u00ad","og_url":"http:\/\/www.frederic-poitou.com\/blog\/paris-bouquins-et-bouquinistes\/","article_publisher":"https:\/\/www.facebook.com\/frederic.poitou\/","article_published_time":"2023-07-13T15:26:32+00:00","article_modified_time":"2026-04-10T05:15:00+00:00","og_image":[{"width":1280,"height":960,"url":"http:\/\/www.frederic-poitou.com\/blog\/wp-content\/2022\/05\/bouquinistes-Paris.jpg","type":"image\/jpeg"}],"author":"Fr\u00e9d\u00e9ric Poitou","twitter_card":"summary_large_image","twitter_creator":"@fredericpoitou","twitter_site":"@fredericpoitou","twitter_misc":{"\u00c9crit par":"Fr\u00e9d\u00e9ric Poitou","Dur\u00e9e de lecture estim\u00e9e":"2 minutes"},"schema":{"@context":"https:\/\/schema.org","@graph":[{"@type":"Article","@id":"http:\/\/www.frederic-poitou.com\/blog\/paris-bouquins-et-bouquinistes\/#article","isPartOf":{"@id":"http:\/\/www.frederic-poitou.com\/blog\/paris-bouquins-et-bouquinistes\/"},"author":{"name":"Fr\u00e9d\u00e9ric Poitou","@id":"https:\/\/www.frederic-poitou.com\/blog\/#\/schema\/person\/e2c2d05e978747818533fdce859a7799"},"headline":"PARIS, BOUQUINS ET BOUQUINISTES &#8230;","datePublished":"2023-07-13T15:26:32+00:00","dateModified":"2026-04-10T05:15:00+00:00","mainEntityOfPage":{"@id":"http:\/\/www.frederic-poitou.com\/blog\/paris-bouquins-et-bouquinistes\/"},"wordCount":347,"image":{"@id":"http:\/\/www.frederic-poitou.com\/blog\/paris-bouquins-et-bouquinistes\/#primaryimage"},"thumbnailUrl":"http:\/\/www.frederic-poitou.com\/blog\/wp-content\/2022\/05\/bouquinistes-Paris.jpg","articleSection":["Accueil","Culture"],"inLanguage":"fr-FR"},{"@type":"WebPage","@id":"http:\/\/www.frederic-poitou.com\/blog\/paris-bouquins-et-bouquinistes\/","url":"http:\/\/www.frederic-poitou.com\/blog\/paris-bouquins-et-bouquinistes\/","name":"PARIS, BOUQUINS ET BOUQUINISTES ... -","isPartOf":{"@id":"https:\/\/www.frederic-poitou.com\/blog\/#website"},"primaryImageOfPage":{"@id":"http:\/\/www.frederic-poitou.com\/blog\/paris-bouquins-et-bouquinistes\/#primaryimage"},"image":{"@id":"http:\/\/www.frederic-poitou.com\/blog\/paris-bouquins-et-bouquinistes\/#primaryimage"},"thumbnailUrl":"http:\/\/www.frederic-poitou.com\/blog\/wp-content\/2022\/05\/bouquinistes-Paris.jpg","datePublished":"2023-07-13T15:26:32+00:00","dateModified":"2026-04-10T05:15:00+00:00","author":{"@id":"https:\/\/www.frederic-poitou.com\/blog\/#\/schema\/person\/e2c2d05e978747818533fdce859a7799"},"breadcrumb":{"@id":"http:\/\/www.frederic-poitou.com\/blog\/paris-bouquins-et-bouquinistes\/#breadcrumb"},"inLanguage":"fr-FR","potentialAction":[{"@type":"ReadAction","target":["http:\/\/www.frederic-poitou.com\/blog\/paris-bouquins-et-bouquinistes\/"]}]},{"@type":"ImageObject","inLanguage":"fr-FR","@id":"http:\/\/www.frederic-poitou.com\/blog\/paris-bouquins-et-bouquinistes\/#primaryimage","url":"http:\/\/www.frederic-poitou.com\/blog\/wp-content\/2022\/05\/bouquinistes-Paris.jpg","contentUrl":"http:\/\/www.frederic-poitou.com\/blog\/wp-content\/2022\/05\/bouquinistes-Paris.jpg","width":1280,"height":960,"caption":"J\u00e9r\u00f4me Callais, bouquiniste et pr\u00e9sident de l'association culturelle des bouquinistes"},{"@type":"BreadcrumbList","@id":"http:\/\/www.frederic-poitou.com\/blog\/paris-bouquins-et-bouquinistes\/#breadcrumb","itemListElement":[{"@type":"ListItem","position":1,"name":"Accueil","item":"https:\/\/www.frederic-poitou.com\/blog\/"},{"@type":"ListItem","position":2,"name":"PARIS, BOUQUINS ET BOUQUINISTES &#8230;"}]},{"@type":"WebSite","@id":"https:\/\/www.frederic-poitou.com\/blog\/#website","url":"https:\/\/www.frederic-poitou.com\/blog\/","name":"","description":"","potentialAction":[{"@type":"SearchAction","target":{"@type":"EntryPoint","urlTemplate":"https:\/\/www.frederic-poitou.com\/blog\/?s={search_term_string}"},"query-input":{"@type":"PropertyValueSpecification","valueRequired":true,"valueName":"search_term_string"}}],"inLanguage":"fr-FR"},{"@type":"Person","@id":"https:\/\/www.frederic-poitou.com\/blog\/#\/schema\/person\/e2c2d05e978747818533fdce859a7799","name":"Fr\u00e9d\u00e9ric Poitou","image":{"@type":"ImageObject","inLanguage":"fr-FR","@id":"https:\/\/www.frederic-poitou.com\/blog\/#\/schema\/person\/image\/","url":"https:\/\/secure.gravatar.com\/avatar\/1933bcca279a2feafd35d9e0a080c521e11beb51115fe4cfe02e2586ac13424a?s=96&d=mm&r=g","contentUrl":"https:\/\/secure.gravatar.com\/avatar\/1933bcca279a2feafd35d9e0a080c521e11beb51115fe4cfe02e2586ac13424a?s=96&d=mm&r=g","caption":"Fr\u00e9d\u00e9ric Poitou"},"description":"Fr\u00e9d\u00e9ric Poitou est n\u00e9 \u00e0 Rouen, et y a fait des \u00e9tudes au Conservatoire en musique-\u00e9tudes en section piano. Il s'est ensuite orient\u00e9 vers des \u00e9tudes scientifiques o\u00f9 il a obtenu un dipl\u00f4me d'ing\u00e9nieur, puis un doctorat en Chimie. Il est Expert Judiciaire en France, en Belgique et \u00e0 Luxembourg, et agr\u00e9e par les Institutions Europ\u00e9ennes.","sameAs":["http:\/\/www.frederic-poitou.com","https:\/\/www.linkedin.com\/in\/frederic-poitou-b045a025\/"]}]}},"_links":{"self":[{"href":"http:\/\/www.frederic-poitou.com\/blog\/wp-json\/wp\/v2\/posts\/10215","targetHints":{"allow":["GET"]}}],"collection":[{"href":"http:\/\/www.frederic-poitou.com\/blog\/wp-json\/wp\/v2\/posts"}],"about":[{"href":"http:\/\/www.frederic-poitou.com\/blog\/wp-json\/wp\/v2\/types\/post"}],"author":[{"embeddable":true,"href":"http:\/\/www.frederic-poitou.com\/blog\/wp-json\/wp\/v2\/users\/4"}],"replies":[{"embeddable":true,"href":"http:\/\/www.frederic-poitou.com\/blog\/wp-json\/wp\/v2\/comments?post=10215"}],"version-history":[{"count":9,"href":"http:\/\/www.frederic-poitou.com\/blog\/wp-json\/wp\/v2\/posts\/10215\/revisions"}],"predecessor-version":[{"id":10237,"href":"http:\/\/www.frederic-poitou.com\/blog\/wp-json\/wp\/v2\/posts\/10215\/revisions\/10237"}],"wp:featuredmedia":[{"embeddable":true,"href":"http:\/\/www.frederic-poitou.com\/blog\/wp-json\/wp\/v2\/media\/10216"}],"wp:attachment":[{"href":"http:\/\/www.frederic-poitou.com\/blog\/wp-json\/wp\/v2\/media?parent=10215"}],"wp:term":[{"taxonomy":"category","embeddable":true,"href":"http:\/\/www.frederic-poitou.com\/blog\/wp-json\/wp\/v2\/categories?post=10215"},{"taxonomy":"post_tag","embeddable":true,"href":"http:\/\/www.frederic-poitou.com\/blog\/wp-json\/wp\/v2\/tags?post=10215"}],"curies":[{"name":"wp","href":"https:\/\/api.w.org\/{rel}","templated":true}]}}